{"id":3613,"date":"2024-09-18T15:34:37","date_gmt":"2024-09-18T14:34:37","guid":{"rendered":"https:\/\/lumende.com\/blog\/?p=3613"},"modified":"2024-09-18T15:34:39","modified_gmt":"2024-09-18T14:34:39","slug":"aborder-lestime-de-soi-et-les-abus-verbaux-morceau-de-merde","status":"publish","type":"post","link":"https:\/\/lumende.com\/blog\/fr\/aborder-lestime-de-soi-et-les-abus-verbaux-morceau-de-merde\/","title":{"rendered":"Aborder l&#8217;estime de soi et les abus verbaux : &#8220;Morceau de merde&#8221;"},"content":{"rendered":"\n<p>Les abus verbaux peuvent \u00eatre extr\u00eamement destructeurs, surtout lorsqu&#8217;ils ciblent l&#8217;estime de soi d&#8217;une personne. Des phrases comme &#8220;morceau de merde&#8221; peuvent avoir un impact profond, entra\u00eenant des s\u00e9quelles psychologiques \u00e0 long terme. Comprendre la dynamique des abus verbaux et leurs effets sur l&#8217;estime de soi est crucial pour ceux qui cherchent \u00e0 se r\u00e9tablir et \u00e0 reconstruire leur estime personnelle.<\/p>\n\n\n\n<h2 class=\"wp-block-heading\"><strong>L&#8217;impact des abus verbaux sur l&#8217;estime de soi<\/strong><\/h2>\n\n\n\n<p>Les abus verbaux, caract\u00e9ris\u00e9s par un langage d\u00e9nigrant et des commentaires humiliants, peuvent gravement affecter l&#8217;estime de soi d&#8217;une personne. Lorsqu&#8217;une personne est r\u00e9guli\u00e8rement soumise \u00e0 des phrases comme &#8220;morceau de merde&#8221;, cela \u00e9rode sa valeur personnelle et sa confiance en elle-m\u00eame. Cette forme d&#8217;abus laisse souvent des cicatrices \u00e9motionnelles profondes, parfois plus difficiles \u00e0 gu\u00e9rir que les blessures physiques.<\/p>\n\n\n\n<p>Des recherches montrent que les abus verbaux peuvent conduire \u00e0 une s\u00e9rie de probl\u00e8mes psychologiques, notamment l&#8217;anxi\u00e9t\u00e9, la d\u00e9pression et une faible estime de soi. Une \u00e9tude publi\u00e9e dans le <em>Journal of <a href=\"https:\/\/lumende.com\/blog\/fr\/comprendre-le-cycle-de-labus-emotionnel-modeles-et-reconnaissance\/\">Emotional Abuse<\/a><\/em> a r\u00e9v\u00e9l\u00e9 que les individus ayant subi des abus verbaux avaient une estime de soi significativement plus faible que ceux qui n&#8217;en avaient pas subi. L&#8217;humiliation constante et la d\u00e9valorisation associ\u00e9es aux abus verbaux cr\u00e9ent une croyance int\u00e9rioris\u00e9e en leur propre inutilit\u00e9, rendant difficile pour la victime de se percevoir de mani\u00e8re positive.<\/p>\n\n\n\n<p>De plus, les effets des abus verbaux peuvent s&#8217;\u00e9tendre au-del\u00e0 de la personne, affectant ses relations et son fonctionnement quotidien. Les personnes ayant une faible estime de soi peuvent avoir du mal \u00e0 interagir socialement, car elles peuvent se sentir indignes d&#8217;attention ou d&#8217;affection. Cet isolement peut aggraver les sentiments de solitude et de d\u00e9pression, cr\u00e9ant un cercle vicieux difficile \u00e0 rompre.<\/p>\n\n\n\n<p>L&#8217;impact des abus verbaux est particuli\u00e8rement marqu\u00e9 lorsqu&#8217;il survient pendant les ann\u00e9es formatrices. Les enfants et les adolescents soumis \u00e0 des abus verbaux de la part de parents, d&#8217;enseignants ou de pairs courent un risque plus \u00e9lev\u00e9 de d\u00e9velopper des probl\u00e8mes d&#8217;estime de soi \u00e0 long terme. Selon le <em>National Child Traumatic Stress Network<\/em>, les abus verbaux pendant l&#8217;enfance peuvent entra\u00eener des probl\u00e8mes \u00e9motionnels et comportementaux graves, y compris des difficult\u00e9s \u00e0 \u00e9tablir des relations saines et une plus grande susceptibilit\u00e9 aux troubles mentaux \u00e0 l&#8217;\u00e2ge adulte.<\/p>\n\n\n\n<p>Comprendre l&#8217;impact profond des abus verbaux sur l&#8217;estime de soi est la premi\u00e8re \u00e9tape pour aborder et att\u00e9nuer leurs effets. Reconna\u00eetre les signes et rechercher une aide appropri\u00e9e peut ouvrir la voie \u00e0 la gu\u00e9rison et \u00e0 la reconstruction de l&#8217;estime de soi.<\/p>\n\n\n\n<h2 class=\"wp-block-heading\"><strong>Reconna\u00eetre et surmonter l&#8217;int\u00e9riorisation des abus verbaux<\/strong><\/h2>\n\n\n\n<p>L&#8217;int\u00e9riorisation des abus verbaux signifie adopter les messages n\u00e9gatifs de l&#8217;abuseur \u00e0 propos de soi, conduisant \u00e0 un sentiment profond\u00e9ment enracin\u00e9 de d\u00e9valorisation et de d\u00e9go\u00fbt de soi. Cette int\u00e9riorisation est une cons\u00e9quence courante des abus verbaux prolong\u00e9s et peut \u00eatre difficile \u00e0 surmonter sans intervention et soutien ad\u00e9quats.<\/p>\n\n\n\n<p>Reconna\u00eetre les signes d&#8217;int\u00e9riorisation des abus verbaux est essentiel pour la gu\u00e9rison. Les victimes s&#8217;engagent souvent dans un discours int\u00e9rieur n\u00e9gatif, se critiquant sans cesse et renfor\u00e7ant les messages abusifs qu&#8217;elles ont entendus. Cette perception n\u00e9gative de soi peut se manifester de diverses mani\u00e8res, notamment l&#8217;auto-sabotage, un manque de soin de soi et une incapacit\u00e9 \u00e0 accepter des compliments ou des retours positifs.<\/p>\n\n\n\n<p>Une approche efficace pour surmonter l&#8217;int\u00e9riorisation des abus verbaux est la th\u00e9rapie cognitivo-comportementale (TCC). La TCC aide les individus \u00e0 identifier et \u00e0 remettre en question les sch\u00e9mas de pens\u00e9e n\u00e9gatifs, en les rempla\u00e7ant par des croyances plus saines et constructives. Une \u00e9tude publi\u00e9e dans le <em>Journal of Cognitive Therapy and Research<\/em> a montr\u00e9 que la TCC am\u00e9liorait significativement l&#8217;estime de soi et r\u00e9duisait les sympt\u00f4mes de d\u00e9pression chez les personnes ayant subi des abus verbaux.<\/p>\n\n\n\n<p>Un autre aspect important du r\u00e9tablissement est la construction d&#8217;un r\u00e9seau de soutien. S&#8217;entourer de personnes positives et encourageantes peut contrebalancer les messages n\u00e9gatifs int\u00e9rioris\u00e9s \u00e0 partir des abus verbaux. Les amis, la famille et les groupes de soutien peuvent fournir l&#8217;encouragement et la validation n\u00e9cessaires pour reconstruire l&#8217;estime de soi. S&#8217;engager dans des activit\u00e9s qui favorisent la valeur personnelle, comme poursuivre des loisirs, faire du b\u00e9n\u00e9volat ou se fixer et atteindre des objectifs personnels, peut \u00e9galement \u00eatre b\u00e9n\u00e9fique.<\/p>\n\n\n\n<p>Les pratiques de pleine conscience et d&#8217;auto-compassion sont \u00e9galement des outils pr\u00e9cieux pour surmonter l&#8217;int\u00e9riorisation des abus verbaux. La pleine conscience aide les individus \u00e0 rester pr\u00e9sents et \u00e0 \u00e9viter de ruminer sur les abus pass\u00e9s, tandis que l&#8217;auto-compassion encourage \u00e0 se traiter avec gentillesse et compr\u00e9hension. Les recherches du Dr Kristin Neff, une experte en auto-compassion, montrent que pratiquer l&#8217;auto-compassion peut consid\u00e9rablement am\u00e9liorer la r\u00e9silience \u00e9motionnelle et l&#8217;estime de soi.<\/p>\n\n\n\n<h2 class=\"wp-block-heading\"><strong>Le r\u00f4le de l&#8217;estime de soi dans la gu\u00e9rison<\/strong><\/h2>\n\n\n\n<p>L&#8217;estime de soi joue un r\u00f4le crucial dans la gu\u00e9rison des abus verbaux. Elle sert de bouclier contre les effets n\u00e9gatifs de l&#8217;abus, aidant les individus \u00e0 maintenir une vision positive d&#8217;eux-m\u00eames m\u00eame face \u00e0 l&#8217;adversit\u00e9. Construire et maintenir une estime de soi saine est essentiel pour le r\u00e9tablissement et le bien-\u00eatre \u00e0 long terme.<\/p>\n\n\n\n<p>Un aspect fondamental du d\u00e9veloppement de l&#8217;estime de soi est la conscience de soi. Comprendre ses forces, ses faiblesses et sa valeur intrins\u00e8que aide \u00e0 cr\u00e9er une perception de soi \u00e9quilibr\u00e9e et r\u00e9aliste. La conscience de soi peut \u00eatre d\u00e9velopp\u00e9e par l&#8217;introspection, la tenue d&#8217;un journal et les retours de personnes de confiance. Reconna\u00eetre ses r\u00e9alisations personnelles et c\u00e9l\u00e9brer ses succ\u00e8s, aussi petits soient-ils, peut renforcer l&#8217;estime de soi et favoriser un sentiment d&#8217;accomplissement.<\/p>\n\n\n\n<p>Se fixer des objectifs r\u00e9alistes et atteignables est une autre strat\u00e9gie efficace pour am\u00e9liorer l&#8217;estime de soi. Les objectifs donnent un sens et une direction, offrant aux individus quelque chose vers quoi tendre. Atteindre ces objectifs, m\u00eame mineurs, renforce le sentiment de capacit\u00e9 et de valeur personnelle. Il est important de fixer des objectifs qui soient stimulants mais r\u00e9alisables, en \u00e9vitant le pi\u00e8ge du perfectionnisme, qui peut saper l&#8217;estime de soi.<\/p>\n\n\n\n<p>Les affirmations positives et le discours int\u00e9rieur constructif sont \u00e9galement des outils puissants pour renforcer l&#8217;estime de soi. Remplacer les messages abusifs et n\u00e9gatifs par des affirmations positives peut progressivement modifier la perception de soi. Par exemple, des affirmations telles que &#8220;Je m\u00e9rite le respect&#8221; ou &#8220;Je m\u00e9rite le bonheur&#8221; peuvent contrer les messages int\u00e9rioris\u00e9s issus des abus verbaux. Pratiquer r\u00e9guli\u00e8rement un discours int\u00e9rieur positif aide \u00e0 reprogrammer le cerveau, favorisant une image de soi plus saine.<\/p>\n\n\n\n<p>S&#8217;engager dans des activit\u00e9s de soins personnels est essentiel pour maintenir l&#8217;estime de soi. Le soin de soi implique de prendre des mesures d\u00e9lib\u00e9r\u00e9es pour entretenir sa sant\u00e9 physique, \u00e9motionnelle et mentale. Cela peut inclure l&#8217;exercice r\u00e9gulier, une alimentation saine, un repos suffisant et la participation \u00e0 des activit\u00e9s agr\u00e9ables. Le soin de soi envoie un message puissant selon lequel on m\u00e9rite de l&#8217;attention et des soins, renfor\u00e7ant ainsi une vision positive de soi.<\/p>\n\n\n\n<p>Construire l&#8217;estime de soi est un processus graduel qui n\u00e9cessite de la patience et de la pers\u00e9v\u00e9rance. Il est important de reconna\u00eetre que les revers font partie int\u00e9grante du cheminement. Rechercher du soutien aupr\u00e8s de th\u00e9rapeutes, de conseillers ou de groupes de soutien peut fournir des conseils et encouragements suppl\u00e9mentaires. Chez Lumende, nous offrons des ressources et un soutien pour aider les individus \u00e0 d\u00e9velopper leur estime de soi et \u00e0 se remettre des effets des abus verbaux.<\/p>\n\n\n\n<h2 class=\"wp-block-heading\"><strong>Rechercher une aide professionnelle pour les abus verbaux et les probl\u00e8mes d&#8217;estime de soi<\/strong><\/h2>\n\n\n\n<p>L&#8217;aide professionnelle peut \u00eatre pr\u00e9cieuse pour les personnes qui luttent contre les effets des abus verbaux et une faible estime de soi. Les th\u00e9rapeutes et conseillers sont form\u00e9s pour aborder ces probl\u00e8mes, offrant des strat\u00e9gies et un soutien adapt\u00e9s aux besoins de chacun.<\/p>\n\n\n\n<p>La th\u00e9rapie cognitivo-comportementale (TCC) est l&#8217;un des traitements les plus efficaces pour les abus verbaux et les probl\u00e8mes d&#8217;estime de soi. La TCC se concentre sur l&#8217;identification et la modification des sch\u00e9mas de pens\u00e9e n\u00e9gatifs, aidant les individus \u00e0 d\u00e9velopper des croyances plus saines sur eux-m\u00eames. Une \u00e9tude du <em>Journal of Cognitive Therapy and Research<\/em> a r\u00e9v\u00e9l\u00e9 que la TCC am\u00e9liorait significativement l&#8217;estime de soi et r\u00e9duisait les sympt\u00f4mes de d\u00e9pression chez les individus ayant subi des abus verbaux.<\/p>\n\n\n\n<p>La th\u00e9rapie comportementale dialectique (TCD) est une autre approche th\u00e9rapeutique b\u00e9n\u00e9fique. La TCD combine des techniques cognitivo-comportementales avec des pratiques de pleine conscience, aidant les individus \u00e0 g\u00e9rer leurs \u00e9motions et \u00e0 \u00e9tablir des relations plus saines. La TCD est particuli\u00e8rement efficace pour ceux qui ont des r\u00e9ponses \u00e9motionnelles intenses en raison d&#8217;abus verbaux.<\/p>\n\n\n\n<p>La th\u00e9rapie de groupe offre un environnement de soutien o\u00f9 les individus peuvent partager leurs exp\u00e9riences et apprendre des autres confront\u00e9s \u00e0 des d\u00e9fis similaires. Les s\u00e9ances de th\u00e9rapie de groupe, dirig\u00e9es par un th\u00e9rapeute qualifi\u00e9, offrent un sentiment de communaut\u00e9 et de validation. Partager des histoires personnelles dans un cadre de groupe peut r\u00e9duire le sentiment d&#8217;isolement et fournir de nouvelles perspectives sur les strat\u00e9gies de gestion.<\/p>\n\n\n\n<p>La th\u00e9rapie individuelle offre une approche plus personnalis\u00e9e, permettant aux individus de travailler en t\u00eate-\u00e0-t\u00eate avec un th\u00e9rapeute. Cet environnement fournit un espace s\u00fbr pour explorer les impacts des abus verbaux, d\u00e9velopper des m\u00e9canismes d&#8217;adaptation et renforcer l&#8217;estime de soi. Les th\u00e9rapeutes peuvent adapter leurs techniques pour aborder des probl\u00e8mes sp\u00e9cifiques, fournissant un soutien cibl\u00e9 pour la gu\u00e9rison et la croissance.<\/p>\n\n\n\n<p>La th\u00e9rapie en ligne est devenue une option de plus en plus populaire et accessible pour ceux qui recherchent de l&#8217;aide. Des plateformes comme Lumende connectent les individus \u00e0 des th\u00e9rapeutes agr\u00e9\u00e9s sp\u00e9cialis\u00e9s dans les abus verbaux et les probl\u00e8mes d&#8217;estime de soi. La th\u00e9rapie en ligne offre la flexibilit\u00e9 de recevoir un soutien depuis le confort de son domicile, ce qui facilite l&#8217;int\u00e9gration de la th\u00e9rapie dans un emploi du temps charg\u00e9.<\/p>\n\n\n\n<p>L&#8217;aide professionnelle est souvent essentielle pour ceux qui sont profond\u00e9ment affect\u00e9s par les abus verbaux. Les th\u00e9rapeutes peuvent fournir les outils et les strat\u00e9gies n\u00e9cessaires pour briser le cycle des abus et reconstruire l&#8217;estime de soi. Chez Lumende, nous proposons une gamme de services th\u00e9rapeutiques pour soutenir les individus dans leur processus de r\u00e9tablissement, en veillant \u00e0 ce qu&#8217;ils aient acc\u00e8s aux soins et aux conseils dont ils ont besoin.<\/p>\n\n\n\n<p>En conclusion, aborder l&#8217;estime de soi et les abus verbaux n\u00e9cessite de comprendre l&#8217;impact profond du langage abusif, de reconna\u00eetre les abus int\u00e9rioris\u00e9s, de renforcer l&#8217;estime de soi et de rechercher une aide professionnelle. En prenant ces mesures, les individus peuvent gu\u00e9rir du traumatisme des abus verbaux et construire une estime de soi plus forte et r\u00e9siliente. Lumende s&#8217;engage \u00e0 soutenir les individus dans ce processus, en offrant un acc\u00e8s \u00e0 des soins et \u00e0 des ressources expertes pour favoriser la gu\u00e9rison et la croissance.<\/p>\n","protected":false},"excerpt":{"rendered":"<p>Les abus verbaux peuvent \u00eatre extr\u00eamement destructeurs, surtout lorsqu&#8217;ils ciblent l&#8217;estime de soi d&#8217;une personne. Des phrases comme &#8220;morceau de merde&#8221; peuvent avoir un impact profond, entra\u00eenant des s\u00e9quelles psychologiques \u00e0 long terme. Comprendre la dynamique des abus verbaux et leurs effets sur l&#8217;estime de soi est crucial pour ceux qui cherchent \u00e0 se r\u00e9tablir<\/p>\n","protected":false},"author":1,"featured_media":1861,"comment_status":"closed","ping_status":"closed","sticky":false,"template":"","format":"standard","meta":{"footnotes":""},"categories":[1058],"tags":[],"ppma_author":[1092],"authors":[{"term_id":1092,"user_id":0,"is_guest":1,"slug":"damian-fr","display_name":"Damian","avatar_url":"https:\/\/secure.gravatar.com\/avatar\/?s=96&d=mm&r=g","first_name":"","last_name":"","user_url":"","job_title":"","description":""}],"_links":{"self":[{"href":"https:\/\/lumende.com\/blog\/wp-json\/wp\/v2\/posts\/3613"}],"collection":[{"href":"https:\/\/lumende.com\/blog\/wp-json\/wp\/v2\/posts"}],"about":[{"href":"https:\/\/lumende.com\/blog\/wp-json\/wp\/v2\/types\/post"}],"author":[{"embeddable":true,"href":"https:\/\/lumende.com\/blog\/wp-json\/wp\/v2\/users\/1"}],"replies":[{"embeddable":true,"href":"https:\/\/lumende.com\/blog\/wp-json\/wp\/v2\/comments?post=3613"}],"version-history":[{"count":1,"href":"https:\/\/lumende.com\/blog\/wp-json\/wp\/v2\/posts\/3613\/revisions"}],"predecessor-version":[{"id":3614,"href":"https:\/\/lumende.com\/blog\/wp-json\/wp\/v2\/posts\/3613\/revisions\/3614"}],"wp:featuredmedia":[{"embeddable":true,"href":"https:\/\/lumende.com\/blog\/wp-json\/wp\/v2\/media\/1861"}],"wp:attachment":[{"href":"https:\/\/lumende.com\/blog\/wp-json\/wp\/v2\/media?parent=3613"}],"wp:term":[{"taxonomy":"category","embeddable":true,"href":"https:\/\/lumende.com\/blog\/wp-json\/wp\/v2\/categories?post=3613"},{"taxonomy":"post_tag","embeddable":true,"href":"https:\/\/lumende.com\/blog\/wp-json\/wp\/v2\/tags?post=3613"},{"taxonomy":"author","embeddable":true,"href":"https:\/\/lumende.com\/blog\/wp-json\/wp\/v2\/ppma_author?post=3613"}],"curies":[{"name":"wp","href":"https:\/\/api.w.org\/{rel}","templated":true}]}}