{"id":3856,"date":"2024-09-20T02:23:03","date_gmt":"2024-09-20T01:23:03","guid":{"rendered":"https:\/\/lumende.com\/blog\/?p=3856"},"modified":"2024-09-20T02:23:05","modified_gmt":"2024-09-20T01:23:05","slug":"anergie-le-manque-denergie-dans-les-troubles-depressifs","status":"publish","type":"post","link":"https:\/\/lumende.com\/blog\/fr\/anergie-le-manque-denergie-dans-les-troubles-depressifs\/","title":{"rendered":"An\u00e9rgie : Le Manque d&#8217;\u00c9nergie dans les Troubles D\u00e9pressifs"},"content":{"rendered":"\n<p>L\u2019an\u00e9rgie, d\u00e9finie comme un manque d\u2019\u00e9nergie persistant, est un sympt\u00f4me commun mais souvent n\u00e9glig\u00e9 des troubles d\u00e9pressifs. Cette fatigue d\u00e9bilitante d\u00e9passe la simple fatigue habituelle, affectant la capacit\u00e9 de la personne \u00e0 accomplir ses activit\u00e9s quotidiennes et diminuant consid\u00e9rablement sa qualit\u00e9 de vie. Comprendre l\u2019an\u00e9rgie, son impact sur les personnes atteintes de d\u00e9pression, et explorer diverses approches pour la g\u00e9rer peut fournir des \u00e9clairages pr\u00e9cieux aux patients et aux aidants.<\/p>\n\n\n\n<h2 class=\"wp-block-heading\"><strong>An\u00e9rgie et Ses Manifestations<\/strong><\/h2>\n\n\n\n<p>L\u2019an\u00e9rgie se manifeste de diverses fa\u00e7ons, affectant de mani\u00e8re significative la vie quotidienne des individus. Contrairement \u00e0 la fatigue normale, qui r\u00e9sulte d\u2019un effort physique ou mental et peut \u00eatre soulag\u00e9e par le repos, l\u2019an\u00e9rgie persiste malgr\u00e9 un repos et un sommeil ad\u00e9quats. Elle peut entra\u00eener des difficult\u00e9s \u00e0 initier et \u00e0 maintenir des activit\u00e9s, entra\u00eenant une r\u00e9duction s\u00e9v\u00e8re de la productivit\u00e9 et de l\u2019engagement social.<\/p>\n\n\n\n<p>Les patients souffrant d\u2019an\u00e9rgie d\u00e9crivent souvent un sentiment de fatigue lourd et accablant, rendant m\u00eame les t\u00e2ches les plus simples insurmontables. Ce manque d\u2019\u00e9nergie affecte \u00e0 la fois les activit\u00e9s physiques et mentales, rendant difficile la concentration, la m\u00e9morisation d\u2019informations, et la prise de d\u00e9cisions. Par cons\u00e9quent, les individus peuvent \u00e9prouver des difficult\u00e9s dans leur travail ou leurs \u00e9tudes, ce qui entra\u00eene un stress suppl\u00e9mentaire et des sentiments d\u2019inad\u00e9quation.<\/p>\n\n\n\n<p>L\u2019impact de l\u2019an\u00e9rgie va au-del\u00e0 de la productivit\u00e9 personnelle. Les relations sociales en souffrent \u00e9galement, car les personnes atteintes d\u2019an\u00e9rgie peuvent se retirer des interactions sociales, se sentant trop \u00e9puis\u00e9es pour s\u2019engager avec leurs amis et leur famille. Ce retrait peut conduire \u00e0 un cycle d\u2019isolement et \u00e0 une augmentation des sympt\u00f4mes d\u00e9pressifs, aggravant ainsi l\u2019\u00e9tat g\u00e9n\u00e9ral.<\/p>\n\n\n\n<p>Les recherches indiquent que l\u2019an\u00e9rgie est fr\u00e9quente dans divers troubles d\u00e9pressifs, y compris le trouble d\u00e9pressif majeur (TDM) et le trouble bipolaire. Par exemple, une \u00e9tude publi\u00e9e dans le <em>Journal of Clinical Psychiatry<\/em> a r\u00e9v\u00e9l\u00e9 qu\u2019environ 73 % des patients atteints de TDM d\u00e9claraient des niveaux significatifs de fatigue et de faiblesse \u00e9nerg\u00e9tique. Cela souligne l\u2019importance de traiter l\u2019an\u00e9rgie comme un \u00e9l\u00e9ment central des troubles d\u00e9pressifs, et non comme un simple sympt\u00f4me secondaire.<\/p>\n\n\n\n<p>L\u2019an\u00e9rgie peut \u00e9galement avoir une composante physiologique. L&#8217;inflammation chronique, les d\u00e9s\u00e9quilibres hormonaux et les perturbations m\u00e9taboliques accompagnent souvent les troubles d\u00e9pressifs et contribuent \u00e0 la persistance de l\u2019an\u00e9rgie. Comprendre ces facteurs biologiques sous-jacents est essentiel pour d\u00e9velopper des strat\u00e9gies de traitement efficaces qui s\u2019attaquent aux causes profondes de la fatigue.<\/p>\n\n\n\n<p>La gestion de l\u2019an\u00e9rgie n\u00e9cessite une approche globale qui prend en compte la nature multifactorielle de ce sympt\u00f4me. En reconnaissant sa complexit\u00e9 et en int\u00e9grant diverses strat\u00e9gies th\u00e9rapeutiques, les professionnels de sant\u00e9 peuvent offrir un meilleur soutien aux individus confront\u00e9s \u00e0 cet aspect d\u00e9bilitant de la d\u00e9pression.<\/p>\n\n\n\n<h2 class=\"wp-block-heading\"><strong>Fondements Psychologiques et Physiologiques<\/strong><\/h2>\n\n\n\n<p>Les fondements psychologiques et physiologiques de l\u2019an\u00e9rgie sont complexes et interconnect\u00e9s. Sur le plan psychologique, l\u2019an\u00e9rgie est souvent li\u00e9e aux pens\u00e9es et \u00e9motions n\u00e9gatives omnipr\u00e9sentes caract\u00e9ristiques des troubles d\u00e9pressifs. L\u2019effort mental constant pour g\u00e9rer ces \u00e9motions n\u00e9gatives peut \u00e9puiser l\u2019\u00e9nergie d\u2019une personne, la laissant fatigu\u00e9e et d\u00e9motiv\u00e9e.<\/p>\n\n\n\n<p>Les th\u00e9ories cognitives sugg\u00e8rent que les personnes souffrant de d\u00e9pression s\u2019engagent souvent dans une pens\u00e9e ruminative, o\u00f9 elles se concentrent continuellement sur des pens\u00e9es et des exp\u00e9riences n\u00e9gatives. Ce processus mental consomme une quantit\u00e9 importante de ressources cognitives, entra\u00eenant une fatigue mentale et une r\u00e9duction de la capacit\u00e9 \u00e0 penser et \u00e0 agir de mani\u00e8re productive. \u00c0 mesure que ce cycle continue, les niveaux d\u2019\u00e9nergie de l\u2019individu diminuent encore plus, perp\u00e9tuant l\u2019\u00e9tat d\u2019an\u00e9rgie.<\/p>\n\n\n\n<p>Physiologiquement, plusieurs facteurs contribuent \u00e0 l\u2019an\u00e9rgie. Les d\u00e9s\u00e9quilibres des neurotransmetteurs, en particulier impliquant la s\u00e9rotonine, la noradr\u00e9naline et la dopamine, jouent un r\u00f4le important dans la r\u00e9gulation de l\u2019humeur et des niveaux d\u2019\u00e9nergie. La d\u00e9pression perturbe souvent ces syst\u00e8mes neurotransmetteurs, ce qui entra\u00eene une diminution de la motivation et une augmentation de la fatigue. De plus, des anomalies de l\u2019axe hypothalamo-hypophyso-surr\u00e9nalien (HHS), qui r\u00e9gule les r\u00e9ponses au stress, ont \u00e9t\u00e9 li\u00e9es \u00e0 la d\u00e9pression et \u00e0 la fatigue chronique.<\/p>\n\n\n\n<p>L\u2019inflammation est un autre facteur physiologique essentiel associ\u00e9 \u00e0 l\u2019an\u00e9rgie. Des recherches ont montr\u00e9 que les personnes souffrant de d\u00e9pression pr\u00e9sentent souvent des niveaux \u00e9lev\u00e9s de cytokines pro-inflammatoires. Ces marqueurs inflammatoires peuvent affecter la fonction c\u00e9r\u00e9brale, entra\u00eenant des sympt\u00f4mes de fatigue et de l\u00e9thargie. Une \u00e9tude publi\u00e9e dans <em>Biological Psychiatry<\/em> a r\u00e9v\u00e9l\u00e9 que des niveaux plus \u00e9lev\u00e9s d\u2019inflammation \u00e9taient associ\u00e9s \u00e0 une plus grande gravit\u00e9 de la fatigue chez les patients atteints de d\u00e9pression.<\/p>\n\n\n\n<p>Les troubles du sommeil, courants dans les troubles d\u00e9pressifs, contribuent \u00e9galement \u00e0 l\u2019an\u00e9rgie. L\u2019insomnie ou l\u2019hypersomnie peuvent perturber les rythmes circadiens naturels du corps, entra\u00eenant une mauvaise qualit\u00e9 de sommeil et un sommeil r\u00e9parateur insuffisant. Ce manque de sommeil de qualit\u00e9 \u00e9puise encore plus les niveaux d\u2019\u00e9nergie, rendant difficile pour les individus de se sentir repos\u00e9s et pleins d\u2019\u00e9nergie pendant la journ\u00e9e.<\/p>\n\n\n\n<p>Le stress chronique et son impact physiologique ne doivent pas \u00eatre n\u00e9glig\u00e9s. La r\u00e9ponse au stress du corps, impliquant la lib\u00e9ration de cortisol, peut affecter le m\u00e9tabolisme \u00e9nerg\u00e9tique et contribuer aux sensations de fatigue. Le stress prolong\u00e9 peut entra\u00eener une fatigue des glandes surr\u00e9nales, o\u00f9 ces derni\u00e8res deviennent moins efficaces \u00e0 produire du cortisol, ce qui entra\u00eene des niveaux d\u2019\u00e9nergie constamment bas.<\/p>\n\n\n\n<p>Comprendre ces m\u00e9canismes psychologiques et physiologiques est crucial pour d\u00e9velopper des traitements cibl\u00e9s contre l\u2019an\u00e9rgie. En abordant \u00e0 la fois les aspects mentaux et physiques de ce sympt\u00f4me, les professionnels de la sant\u00e9 peuvent cr\u00e9er des plans de traitement plus efficaces et complets pour les personnes souffrant de troubles d\u00e9pressifs.<\/p>\n\n\n\n<h2 class=\"wp-block-heading\"><strong>Approches pour G\u00e9rer l&#8217;An\u00e9rgie<\/strong><\/h2>\n\n\n\n<p>La gestion de l\u2019an\u00e9rgie n\u00e9cessite une approche multifactorielle qui prend en compte les facteurs psychologiques et physiologiques qui contribuent \u00e0 ce sympt\u00f4me. Les traitements pharmacologiques sont souvent la pierre angulaire de la gestion de l\u2019an\u00e9rgie dans les troubles d\u00e9pressifs. Les antid\u00e9presseurs, en particulier ceux qui ciblent plusieurs syst\u00e8mes de neurotransmetteurs, peuvent aider \u00e0 soulager la fatigue. Par exemple, les inhibiteurs de la recapture de la s\u00e9rotonine-noradr\u00e9naline (IRSN) ont \u00e9t\u00e9 trouv\u00e9s efficaces pour am\u00e9liorer les niveaux d\u2019\u00e9nergie chez certains patients atteints de d\u00e9pression.<\/p>\n\n\n\n<p>En plus des antid\u00e9presseurs, d\u2019autres m\u00e9dicaments peuvent \u00eatre utilis\u00e9s pour g\u00e9rer certains aspects sp\u00e9cifiques de l\u2019an\u00e9rgie. Par exemple, des psychostimulants tels que le modafinil ou le m\u00e9thylph\u00e9nidate ont montr\u00e9 qu\u2019ils r\u00e9duisent la fatigue et am\u00e9liorent la vigilance chez certaines personnes souffrant de d\u00e9pression. Ces m\u00e9dicaments peuvent \u00eatre b\u00e9n\u00e9fiques pour les patients qui \u00e9prouvent une fatigue cognitive et physique significative.<\/p>\n\n\n\n<p>Les modifications du mode de vie sont \u00e9galement essentielles dans la gestion de l\u2019an\u00e9rgie. L\u2019activit\u00e9 physique r\u00e9guli\u00e8re, bien que cela puisse sembler contre-intuitif pour une personne \u00e0 faible \u00e9nergie, a montr\u00e9 qu\u2019elle augmentait les niveaux d\u2019\u00e9nergie et am\u00e9liorait l\u2019humeur. L&#8217;exercice stimule la lib\u00e9ration d\u2019endorphines et d\u2019autres neurotransmetteurs qui am\u00e9liorent l\u2019\u00e9nergie et r\u00e9duisent les sensations de fatigue. Une \u00e9tude publi\u00e9e dans le <em>Journal of Affective Disorders<\/em> a r\u00e9v\u00e9l\u00e9 que l\u2019exercice a\u00e9robique r\u00e9gulier r\u00e9duisait significativement les niveaux de fatigue chez les personnes atteintes de trouble d\u00e9pressif majeur.<\/p>\n\n\n\n<p>La nutrition joue un r\u00f4le crucial dans les niveaux d\u2019\u00e9nergie. Une alimentation \u00e9quilibr\u00e9e, riche en nutriments essentiels, y compris des vitamines, des min\u00e9raux, et des acides gras om\u00e9ga-3, peut soutenir la sant\u00e9 globale et le m\u00e9tabolisme \u00e9nerg\u00e9tique. Assurer une hydratation ad\u00e9quate est \u00e9galement important, car la d\u00e9shydratation peut contribuer \u00e0 la fatigue. Les interventions nutritionnelles, telles que le conseil di\u00e9t\u00e9tique, peuvent aider les individus \u00e0 faire des choix alimentaires plus sains qui soutiennent leurs niveaux d\u2019\u00e9nergie.<\/p>\n\n\n\n<p>Les pratiques d\u2019hygi\u00e8ne du sommeil sont essentielles pour am\u00e9liorer la qualit\u00e9 du sommeil et r\u00e9duire la fatigue. L\u2019\u00e9tablissement d\u2019un horaire de sommeil r\u00e9gulier, la cr\u00e9ation d\u2019un environnement propice au sommeil, et l\u2019\u00e9vitement des stimulants tels que la caf\u00e9ine avant le coucher peuvent aider \u00e0 am\u00e9liorer les habitudes de sommeil. La th\u00e9rapie cognitivo-comportementale pour l\u2019insomnie (TCC-I) est une intervention bas\u00e9e sur des preuves qui peut \u00eatre particuli\u00e8rement efficace pour traiter les troubles du sommeil associ\u00e9s \u00e0 la d\u00e9pression.<\/p>\n\n\n\n<p>La psychoth\u00e9rapie, en particulier la th\u00e9rapie cognitivo-comportementale (TCC), peut aider les individus \u00e0 g\u00e9rer les sch\u00e9mas de pens\u00e9e n\u00e9gatifs qui contribuent \u00e0 l\u2019an\u00e9rgie. La TCC aide les patients \u00e0 identifier et \u00e0 remettre en question les pens\u00e9es d\u00e9form\u00e9es, \u00e0 d\u00e9velopper des strat\u00e9gies d\u2019adaptation plus saines, et \u00e0 d\u00e9finir des objectifs r\u00e9alistes pour l\u2019activit\u00e9 et l\u2019engagement. En abordant les aspects cognitifs de la d\u00e9pression, la TCC peut r\u00e9duire la fatigue mentale qui aggrave l\u2019an\u00e9rgie.<\/p>\n\n\n\n<p>Les th\u00e9rapies int\u00e9gratives, telles que le yoga et l\u2019acupuncture, ont \u00e9galement montr\u00e9 des r\u00e9sultats prometteurs dans la gestion de la fatigue dans les troubles d\u00e9pressifs. Ces th\u00e9rapies peuvent aider \u00e0 r\u00e9duire le stress, \u00e0 am\u00e9liorer l\u2019humeur, et \u00e0 renforcer le bien-\u00eatre g\u00e9n\u00e9ral. Par exemple, une \u00e9tude publi\u00e9e dans <em>The Journal of Alternative and Complementary Medicine<\/em> a r\u00e9v\u00e9l\u00e9 que l\u2019acupuncture r\u00e9duisait significativement la fatigue et am\u00e9liorait la qualit\u00e9 de vie chez les patients souffrant de d\u00e9pression.<\/p>\n\n\n\n<h2 class=\"wp-block-heading\"><strong>Directions Futures et Recherche<\/strong><\/h2>\n\n\n\n<p>Les recherches futures pour comprendre et g\u00e9rer l\u2019an\u00e9rgie dans les troubles d\u00e9pressifs sont essentielles pour am\u00e9liorer les r\u00e9sultats des patients. Un domaine de recherche prometteur est l\u2019exploration de nouveaux traitements pharmacologiques ciblant des m\u00e9canismes physiologiques sp\u00e9cifiques sous-jacents \u00e0 la fatigue. Par exemple, les m\u00e9dicaments qui modulent les voies inflammatoires ou qui renforcent la neuroplasticit\u00e9 pourraient offrir de nouvelles pistes de traitement.<\/p>\n\n\n\n<p>Les avanc\u00e9es en imagerie c\u00e9r\u00e9brale offrent \u00e9galement de nouvelles perspectives sur les m\u00e9canismes c\u00e9r\u00e9braux associ\u00e9s \u00e0 l\u2019an\u00e9rgie. L\u2019IRM fonctionnelle et les scanners TEP peuvent aider \u00e0 identifier les r\u00e9gions c\u00e9r\u00e9brales sp\u00e9cifiques et les r\u00e9seaux impliqu\u00e9s dans la fatigue, ce qui conduit \u00e0 des interventions plus cibl\u00e9es et plus efficaces. Ces \u00e9tudes d\u2019imagerie peuvent \u00e9galement aider \u00e0 surveiller l\u2019impact de diff\u00e9rents traitements sur la fonction c\u00e9r\u00e9brale, fournissant des informations pr\u00e9cieuses pour optimiser les strat\u00e9gies th\u00e9rapeutiques.<\/p>\n\n\n\n<p>La recherche g\u00e9n\u00e9tique est un autre domaine important pour comprendre l\u2019an\u00e9rgie. L\u2019identification de marqueurs g\u00e9n\u00e9tiques associ\u00e9s \u00e0 la susceptibilit\u00e9 \u00e0 la fatigue dans la d\u00e9pression pourrait conduire \u00e0 des approches de traitement personnalis\u00e9es. Par exemple, les individus ayant certains profils g\u00e9n\u00e9tiques pourraient mieux r\u00e9pondre \u00e0 des m\u00e9dicaments ou \u00e0 des interventions de style de vie sp\u00e9cifiques, permettant une gestion plus adapt\u00e9e et plus efficace.<\/p>\n\n\n\n<p>Les interventions comportementales continuent d\u2019\u00e9voluer, avec une importance croissante pour les approches personnalis\u00e9es et adaptatives. Les technologies de sant\u00e9 num\u00e9rique, telles que les applications mobiles et les appareils portables, peuvent fournir un retour d\u2019information en temps r\u00e9el et un soutien aux personnes g\u00e9rant l\u2019an\u00e9rgie. Ces technologies peuvent aider \u00e0 suivre les niveaux d\u2019activit\u00e9, \u00e0 surveiller les habitudes de sommeil, et \u00e0 fournir des recommandations personnalis\u00e9es pour am\u00e9liorer les niveaux d\u2019\u00e9nergie.<\/p>\n\n\n\n<p>Les interventions communautaires qui encouragent l\u2019engagement social et le soutien peuvent \u00e9galement jouer un r\u00f4le crucial dans la gestion de l\u2019an\u00e9rgie. Les programmes qui encouragent l\u2019activit\u00e9 physique, les interactions sociales, et la stimulation mentale peuvent aider les personnes souffrant de d\u00e9pression \u00e0 rester engag\u00e9es et actives, r\u00e9duisant ainsi l\u2019impact de la fatigue. Les ressources communautaires, telles que les cours d\u2019exercice en groupe ou les clubs sociaux, peuvent fournir un soutien et une motivation pr\u00e9cieux.<\/p>\n\n\n\n<p>Chez Lumende, nous reconnaissons l\u2019importance d\u2019aborder tous les aspects des troubles d\u00e9pressifs, y compris l\u2019an\u00e9rgie. Notre plateforme met en relation des individus avec des professionnels de la sant\u00e9 mentale capables de fournir des soins complets et personnalis\u00e9s. En int\u00e9grant les derni\u00e8res recherches et les pratiques fond\u00e9es sur des preuves, nous visons \u00e0 aider les individus \u00e0 g\u00e9rer leurs sympt\u00f4mes et \u00e0 am\u00e9liorer leur qualit\u00e9 de vie. Gr\u00e2ce \u00e0 nos services de th\u00e9rapie en ligne, les patients peuvent acc\u00e9der \u00e0 des conseils et un soutien d\u2019experts depuis le confort de leur domicile, garantissant que l\u2019aide est toujours \u00e0 port\u00e9e de main.<\/p>\n","protected":false},"excerpt":{"rendered":"<p>L\u2019an\u00e9rgie, d\u00e9finie comme un manque d\u2019\u00e9nergie persistant, est un sympt\u00f4me commun mais souvent n\u00e9glig\u00e9 des troubles d\u00e9pressifs. Cette fatigue d\u00e9bilitante d\u00e9passe la simple fatigue habituelle, affectant la capacit\u00e9 de la personne \u00e0 accomplir ses activit\u00e9s quotidiennes et diminuant consid\u00e9rablement sa qualit\u00e9 de vie. Comprendre l\u2019an\u00e9rgie, son impact sur les personnes atteintes de d\u00e9pression, et explorer<\/p>\n","protected":false},"author":1,"featured_media":1579,"comment_status":"closed","ping_status":"closed","sticky":false,"template":"","format":"standard","meta":{"footnotes":""},"categories":[964],"tags":[],"ppma_author":[1092],"authors":[{"term_id":1092,"user_id":0,"is_guest":1,"slug":"damian-fr","display_name":"Damian","avatar_url":"https:\/\/secure.gravatar.com\/avatar\/?s=96&d=mm&r=g","first_name":"","last_name":"","user_url":"","job_title":"","description":""}],"_links":{"self":[{"href":"https:\/\/lumende.com\/blog\/wp-json\/wp\/v2\/posts\/3856"}],"collection":[{"href":"https:\/\/lumende.com\/blog\/wp-json\/wp\/v2\/posts"}],"about":[{"href":"https:\/\/lumende.com\/blog\/wp-json\/wp\/v2\/types\/post"}],"author":[{"embeddable":true,"href":"https:\/\/lumende.com\/blog\/wp-json\/wp\/v2\/users\/1"}],"replies":[{"embeddable":true,"href":"https:\/\/lumende.com\/blog\/wp-json\/wp\/v2\/comments?post=3856"}],"version-history":[{"count":1,"href":"https:\/\/lumende.com\/blog\/wp-json\/wp\/v2\/posts\/3856\/revisions"}],"predecessor-version":[{"id":3857,"href":"https:\/\/lumende.com\/blog\/wp-json\/wp\/v2\/posts\/3856\/revisions\/3857"}],"wp:featuredmedia":[{"embeddable":true,"href":"https:\/\/lumende.com\/blog\/wp-json\/wp\/v2\/media\/1579"}],"wp:attachment":[{"href":"https:\/\/lumende.com\/blog\/wp-json\/wp\/v2\/media?parent=3856"}],"wp:term":[{"taxonomy":"category","embeddable":true,"href":"https:\/\/lumende.com\/blog\/wp-json\/wp\/v2\/categories?post=3856"},{"taxonomy":"post_tag","embeddable":true,"href":"https:\/\/lumende.com\/blog\/wp-json\/wp\/v2\/tags?post=3856"},{"taxonomy":"author","embeddable":true,"href":"https:\/\/lumende.com\/blog\/wp-json\/wp\/v2\/ppma_author?post=3856"}],"curies":[{"name":"wp","href":"https:\/\/api.w.org\/{rel}","templated":true}]}}